{"id":3401,"date":"2022-09-28T07:47:04","date_gmt":"2022-09-28T05:47:04","guid":{"rendered":"https:\/\/arkamaluszka.pl\/?p=3401"},"modified":"2022-11-07T11:06:16","modified_gmt":"2022-11-07T10:06:16","slug":"swiatowy-dzien-jablka","status":"publish","type":"post","link":"https:\/\/arkamaluszka.pl\/?p=3401","title":{"rendered":"\u015awiatowy Dzie\u0144 Jab\u0142ka"},"content":{"rendered":"<h2>\u015awiatowy Dzie\u0144 Jab\u0142ka<\/h2>\n<p>>Dnia 28 wrze\u015bnia Nasi Odkrywcy zapoznali si\u0119 z wygl\u0105dem, smakiem, kolorem, kszta\u0142tem oraz etapami rozwoju jab\u0142ka, a tak\u017ce jak wygl\u0105da praca w sadzie. Zaj\u0119cia plastyczne polega\u0142y na odbijaniu stempelk\u00f3w w kszta\u0142cie jab\u0142ek, a ich celem by\u0142o zach\u0119cenie Dzieci do spo\u017cywania owoc\u00f3w i ich przetwor\u00f3w jako \u017ar\u00f3d\u0142a witamin. Dzi\u0119ki tej prostej zabawie Nasi Malusi\u0144scy uczyli si\u0119 zasad zdrowego od\u017cywiania i utrwalali wiadomo\u015bci na temat tych owoc\u00f3w.<br \/>\n\n\t\t<style type=\"text\/css\">\n\t\t\t#gallery-1 {\n\t\t\t\tmargin: auto;\n\t\t\t}\n\t\t\t#gallery-1 .gallery-item {\n\t\t\t\tfloat: left;\n\t\t\t\tmargin-top: 10px;\n\t\t\t\ttext-align: center;\n\t\t\t\twidth: 33%;\n\t\t\t}\n\t\t\t#gallery-1 img {\n\t\t\t\tborder: 2px solid #cfcfcf;\n\t\t\t}\n\t\t\t#gallery-1 .gallery-caption {\n\t\t\t\tmargin-left: 0;\n\t\t\t}\n\t\t\t\/* see gallery_shortcode() in wp-includes\/media.php *\/\n\t\t<\/style>\n\t\t<div id='gallery-1' class='gallery galleryid-3401 gallery-columns-3 gallery-size-thumbnail'><dl class='gallery-item'>\n\t\t\t<dt class='gallery-icon portrait'>\n\t\t\t\t<a data-rel=\"iLightbox[postimages]\" data-title=\"\u015awiatowy dzie\u0144 jab\u0142ka (21)\" data-caption=\"\" href='https:\/\/arkamaluszka.pl\/wp-content\/uploads\/2022\/09\/Swiatowy-dzien-jablka-21.jpeg'><img decoding=\"async\" width=\"400\" height=\"400\" src=\"https:\/\/arkamaluszka.pl\/wp-content\/uploads\/2022\/09\/Swiatowy-dzien-jablka-21-400x400.jpeg\" class=\"attachment-thumbnail size-thumbnail lazyload\" alt=\"\" srcset=\"data:image\/svg+xml,%3Csvg%20xmlns%3D%27http%3A%2F%2Fwww.w3.org%2F2000%2Fsvg%27%20width%3D%271440%27%20height%3D%271920%27%20viewBox%3D%270%200%201440%201920%27%3E%3Crect%20width%3D%271440%27%20height%3D%271920%27%20fill-opacity%3D%220%22%2F%3E%3C%2Fsvg%3E\" data-orig-src=\"https:\/\/arkamaluszka.pl\/wp-content\/uploads\/2022\/09\/Swiatowy-dzien-jablka-21-400x400.jpeg\" data-srcset=\"https:\/\/arkamaluszka.pl\/wp-content\/uploads\/2022\/09\/Swiatowy-dzien-jablka-21-66x66.jpeg 66w, https:\/\/arkamaluszka.pl\/wp-content\/uploads\/2022\/09\/Swiatowy-dzien-jablka-21-400x400.jpeg 400w\" data-sizes=\"auto\" \/><\/a>\n\t\t\t<\/dt><\/dl><dl class='gallery-item'>\n\t\t\t<dt class='gallery-icon landscape'>\n\t\t\t\t<a data-rel=\"iLightbox[postimages]\" data-title=\"\u015awiatowy dzie\u0144 jab\u0142ka (22)\" data-caption=\"\" href='https:\/\/arkamaluszka.pl\/wp-content\/uploads\/2022\/09\/Swiatowy-dzien-jablka-22.jpeg'><img decoding=\"async\" width=\"400\" height=\"400\" src=\"https:\/\/arkamaluszka.pl\/wp-content\/uploads\/2022\/09\/Swiatowy-dzien-jablka-22-400x400.jpeg\" class=\"attachment-thumbnail size-thumbnail lazyload\" alt=\"\" srcset=\"data:image\/svg+xml,%3Csvg%20xmlns%3D%27http%3A%2F%2Fwww.w3.org%2F2000%2Fsvg%27%20width%3D%271920%27%20height%3D%271440%27%20viewBox%3D%270%200%201920%201440%27%3E%3Crect%20width%3D%271920%27%20height%3D%271440%27%20fill-opacity%3D%220%22%2F%3E%3C%2Fsvg%3E\" data-orig-src=\"https:\/\/arkamaluszka.pl\/wp-content\/uploads\/2022\/09\/Swiatowy-dzien-jablka-22-400x400.jpeg\" data-srcset=\"https:\/\/arkamaluszka.pl\/wp-content\/uploads\/2022\/09\/Swiatowy-dzien-jablka-22-66x66.jpeg 66w, https:\/\/arkamaluszka.pl\/wp-content\/uploads\/2022\/09\/Swiatowy-dzien-jablka-22-400x400.jpeg 400w\" data-sizes=\"auto\" \/><\/a>\n\t\t\t<\/dt><\/dl><dl class='gallery-item'>\n\t\t\t<dt class='gallery-icon portrait'>\n\t\t\t\t<a data-rel=\"iLightbox[postimages]\" data-title=\"\u015awiatowy dzie\u0144 jab\u0142ka (1)\" data-caption=\"\" href='https:\/\/arkamaluszka.pl\/wp-content\/uploads\/2022\/09\/Swiatowy-dzien-jablka-1.jpeg'><img decoding=\"async\" width=\"400\" height=\"400\" src=\"https:\/\/arkamaluszka.pl\/wp-content\/uploads\/2022\/09\/Swiatowy-dzien-jablka-1-400x400.jpeg\" class=\"attachment-thumbnail size-thumbnail lazyload\" alt=\"\" srcset=\"data:image\/svg+xml,%3Csvg%20xmlns%3D%27http%3A%2F%2Fwww.w3.org%2F2000%2Fsvg%27%20width%3D%271440%27%20height%3D%271920%27%20viewBox%3D%270%200%201440%201920%27%3E%3Crect%20width%3D%271440%27%20height%3D%271920%27%20fill-opacity%3D%220%22%2F%3E%3C%2Fsvg%3E\" data-orig-src=\"https:\/\/arkamaluszka.pl\/wp-content\/uploads\/2022\/09\/Swiatowy-dzien-jablka-1-400x400.jpeg\" data-srcset=\"https:\/\/arkamaluszka.pl\/wp-content\/uploads\/2022\/09\/Swiatowy-dzien-jablka-1-66x66.jpeg 66w, https:\/\/arkamaluszka.pl\/wp-content\/uploads\/2022\/09\/Swiatowy-dzien-jablka-1-400x400.jpeg 400w\" data-sizes=\"auto\" \/><\/a>\n\t\t\t<\/dt><\/dl><br style=\"clear: both\" \/><dl class='gallery-item'>\n\t\t\t<dt class='gallery-icon portrait'>\n\t\t\t\t<a data-rel=\"iLightbox[postimages]\" data-title=\"\u015awiatowy dzie\u0144 jab\u0142ka (2)\" data-caption=\"\" href='https:\/\/arkamaluszka.pl\/wp-content\/uploads\/2022\/09\/Swiatowy-dzien-jablka-2.jpeg'><img decoding=\"async\" width=\"400\" height=\"400\" src=\"https:\/\/arkamaluszka.pl\/wp-content\/uploads\/2022\/09\/Swiatowy-dzien-jablka-2-400x400.jpeg\" class=\"attachment-thumbnail size-thumbnail lazyload\" alt=\"\" srcset=\"data:image\/svg+xml,%3Csvg%20xmlns%3D%27http%3A%2F%2Fwww.w3.org%2F2000%2Fsvg%27%20width%3D%271440%27%20height%3D%271920%27%20viewBox%3D%270%200%201440%201920%27%3E%3Crect%20width%3D%271440%27%20height%3D%271920%27%20fill-opacity%3D%220%22%2F%3E%3C%2Fsvg%3E\" data-orig-src=\"https:\/\/arkamaluszka.pl\/wp-content\/uploads\/2022\/09\/Swiatowy-dzien-jablka-2-400x400.jpeg\" data-srcset=\"https:\/\/arkamaluszka.pl\/wp-content\/uploads\/2022\/09\/Swiatowy-dzien-jablka-2-66x66.jpeg 66w, https:\/\/arkamaluszka.pl\/wp-content\/uploads\/2022\/09\/Swiatowy-dzien-jablka-2-400x400.jpeg 400w\" data-sizes=\"auto\" \/><\/a>\n\t\t\t<\/dt><\/dl><dl class='gallery-item'>\n\t\t\t<dt class='gallery-icon portrait'>\n\t\t\t\t<a data-rel=\"iLightbox[postimages]\" data-title=\"\u015awiatowy dzie\u0144 jab\u0142ka (3)\" data-caption=\"\" href='https:\/\/arkamaluszka.pl\/wp-content\/uploads\/2022\/09\/Swiatowy-dzien-jablka-3.jpeg'><img decoding=\"async\" width=\"400\" height=\"400\" src=\"https:\/\/arkamaluszka.pl\/wp-content\/uploads\/2022\/09\/Swiatowy-dzien-jablka-3-400x400.jpeg\" class=\"attachment-thumbnail size-thumbnail lazyload\" alt=\"\" srcset=\"data:image\/svg+xml,%3Csvg%20xmlns%3D%27http%3A%2F%2Fwww.w3.org%2F2000%2Fsvg%27%20width%3D%271440%27%20height%3D%271920%27%20viewBox%3D%270%200%201440%201920%27%3E%3Crect%20width%3D%271440%27%20height%3D%271920%27%20fill-opacity%3D%220%22%2F%3E%3C%2Fsvg%3E\" data-orig-src=\"https:\/\/arkamaluszka.pl\/wp-content\/uploads\/2022\/09\/Swiatowy-dzien-jablka-3-400x400.jpeg\" data-srcset=\"https:\/\/arkamaluszka.pl\/wp-content\/uploads\/2022\/09\/Swiatowy-dzien-jablka-3-66x66.jpeg 66w, https:\/\/arkamaluszka.pl\/wp-content\/uploads\/2022\/09\/Swiatowy-dzien-jablka-3-400x400.jpeg 400w\" data-sizes=\"auto\" \/><\/a>\n\t\t\t<\/dt><\/dl><dl class='gallery-item'>\n\t\t\t<dt class='gallery-icon portrait'>\n\t\t\t\t<a data-rel=\"iLightbox[postimages]\" data-title=\"\u015awiatowy dzie\u0144 jab\u0142ka (4)\" data-caption=\"\" href='https:\/\/arkamaluszka.pl\/wp-content\/uploads\/2022\/09\/Swiatowy-dzien-jablka-4.jpeg'><img decoding=\"async\" width=\"400\" height=\"400\" src=\"https:\/\/arkamaluszka.pl\/wp-content\/uploads\/2022\/09\/Swiatowy-dzien-jablka-4-400x400.jpeg\" class=\"attachment-thumbnail size-thumbnail lazyload\" alt=\"\" srcset=\"data:image\/svg+xml,%3Csvg%20xmlns%3D%27http%3A%2F%2Fwww.w3.org%2F2000%2Fsvg%27%20width%3D%271440%27%20height%3D%271920%27%20viewBox%3D%270%200%201440%201920%27%3E%3Crect%20width%3D%271440%27%20height%3D%271920%27%20fill-opacity%3D%220%22%2F%3E%3C%2Fsvg%3E\" data-orig-src=\"https:\/\/arkamaluszka.pl\/wp-content\/uploads\/2022\/09\/Swiatowy-dzien-jablka-4-400x400.jpeg\" data-srcset=\"https:\/\/arkamaluszka.pl\/wp-content\/uploads\/2022\/09\/Swiatowy-dzien-jablka-4-66x66.jpeg 66w, https:\/\/arkamaluszka.pl\/wp-content\/uploads\/2022\/09\/Swiatowy-dzien-jablka-4-400x400.jpeg 400w\" data-sizes=\"auto\" \/><\/a>\n\t\t\t<\/dt><\/dl><br style=\"clear: both\" \/><dl class='gallery-item'>\n\t\t\t<dt class='gallery-icon landscape'>\n\t\t\t\t<a data-rel=\"iLightbox[postimages]\" data-title=\"\u015awiatowy dzie\u0144 jab\u0142ka (5)\" data-caption=\"\" href='https:\/\/arkamaluszka.pl\/wp-content\/uploads\/2022\/09\/Swiatowy-dzien-jablka-5.jpeg'><img decoding=\"async\" width=\"400\" height=\"400\" src=\"https:\/\/arkamaluszka.pl\/wp-content\/uploads\/2022\/09\/Swiatowy-dzien-jablka-5-400x400.jpeg\" class=\"attachment-thumbnail size-thumbnail lazyload\" alt=\"\" srcset=\"data:image\/svg+xml,%3Csvg%20xmlns%3D%27http%3A%2F%2Fwww.w3.org%2F2000%2Fsvg%27%20width%3D%271920%27%20height%3D%271440%27%20viewBox%3D%270%200%201920%201440%27%3E%3Crect%20width%3D%271920%27%20height%3D%271440%27%20fill-opacity%3D%220%22%2F%3E%3C%2Fsvg%3E\" data-orig-src=\"https:\/\/arkamaluszka.pl\/wp-content\/uploads\/2022\/09\/Swiatowy-dzien-jablka-5-400x400.jpeg\" data-srcset=\"https:\/\/arkamaluszka.pl\/wp-content\/uploads\/2022\/09\/Swiatowy-dzien-jablka-5-66x66.jpeg 66w, https:\/\/arkamaluszka.pl\/wp-content\/uploads\/2022\/09\/Swiatowy-dzien-jablka-5-400x400.jpeg 400w\" data-sizes=\"auto\" \/><\/a>\n\t\t\t<\/dt><\/dl><dl class='gallery-item'>\n\t\t\t<dt class='gallery-icon portrait'>\n\t\t\t\t<a data-rel=\"iLightbox[postimages]\" data-title=\"\u015awiatowy dzie\u0144 jab\u0142ka (6)\" data-caption=\"\" href='https:\/\/arkamaluszka.pl\/wp-content\/uploads\/2022\/09\/Swiatowy-dzien-jablka-6.jpeg'><img decoding=\"async\" width=\"400\" height=\"400\" src=\"https:\/\/arkamaluszka.pl\/wp-content\/uploads\/2022\/09\/Swiatowy-dzien-jablka-6-400x400.jpeg\" class=\"attachment-thumbnail size-thumbnail lazyload\" alt=\"\" srcset=\"data:image\/svg+xml,%3Csvg%20xmlns%3D%27http%3A%2F%2Fwww.w3.org%2F2000%2Fsvg%27%20width%3D%271440%27%20height%3D%271920%27%20viewBox%3D%270%200%201440%201920%27%3E%3Crect%20width%3D%271440%27%20height%3D%271920%27%20fill-opacity%3D%220%22%2F%3E%3C%2Fsvg%3E\" data-orig-src=\"https:\/\/arkamaluszka.pl\/wp-content\/uploads\/2022\/09\/Swiatowy-dzien-jablka-6-400x400.jpeg\" data-srcset=\"https:\/\/arkamaluszka.pl\/wp-content\/uploads\/2022\/09\/Swiatowy-dzien-jablka-6-66x66.jpeg 66w, https:\/\/arkamaluszka.pl\/wp-content\/uploads\/2022\/09\/Swiatowy-dzien-jablka-6-400x400.jpeg 400w\" data-sizes=\"auto\" \/><\/a>\n\t\t\t<\/dt><\/dl><dl class='gallery-item'>\n\t\t\t<dt class='gallery-icon portrait'>\n\t\t\t\t<a data-rel=\"iLightbox[postimages]\" data-title=\"\u015awiatowy dzie\u0144 jab\u0142ka (7)\" data-caption=\"\" href='https:\/\/arkamaluszka.pl\/wp-content\/uploads\/2022\/09\/Swiatowy-dzien-jablka-7.jpeg'><img decoding=\"async\" width=\"400\" height=\"400\" src=\"https:\/\/arkamaluszka.pl\/wp-content\/uploads\/2022\/09\/Swiatowy-dzien-jablka-7-400x400.jpeg\" class=\"attachment-thumbnail size-thumbnail lazyload\" alt=\"\" srcset=\"data:image\/svg+xml,%3Csvg%20xmlns%3D%27http%3A%2F%2Fwww.w3.org%2F2000%2Fsvg%27%20width%3D%271440%27%20height%3D%271920%27%20viewBox%3D%270%200%201440%201920%27%3E%3Crect%20width%3D%271440%27%20height%3D%271920%27%20fill-opacity%3D%220%22%2F%3E%3C%2Fsvg%3E\" data-orig-src=\"https:\/\/arkamaluszka.pl\/wp-content\/uploads\/2022\/09\/Swiatowy-dzien-jablka-7-400x400.jpeg\" data-srcset=\"https:\/\/arkamaluszka.pl\/wp-content\/uploads\/2022\/09\/Swiatowy-dzien-jablka-7-66x66.jpeg 66w, https:\/\/arkamaluszka.pl\/wp-content\/uploads\/2022\/09\/Swiatowy-dzien-jablka-7-400x400.jpeg 400w\" data-sizes=\"auto\" \/><\/a>\n\t\t\t<\/dt><\/dl><br style=\"clear: both\" \/><dl class='gallery-item'>\n\t\t\t<dt class='gallery-icon portrait'>\n\t\t\t\t<a data-rel=\"iLightbox[postimages]\" data-title=\"\u015awiatowy dzie\u0144 jab\u0142ka (8)\" data-caption=\"\" href='https:\/\/arkamaluszka.pl\/wp-content\/uploads\/2022\/09\/Swiatowy-dzien-jablka-8.jpeg'><img decoding=\"async\" width=\"400\" height=\"400\" src=\"https:\/\/arkamaluszka.pl\/wp-content\/uploads\/2022\/09\/Swiatowy-dzien-jablka-8-400x400.jpeg\" class=\"attachment-thumbnail size-thumbnail lazyload\" alt=\"\" srcset=\"data:image\/svg+xml,%3Csvg%20xmlns%3D%27http%3A%2F%2Fwww.w3.org%2F2000%2Fsvg%27%20width%3D%271440%27%20height%3D%271920%27%20viewBox%3D%270%200%201440%201920%27%3E%3Crect%20width%3D%271440%27%20height%3D%271920%27%20fill-opacity%3D%220%22%2F%3E%3C%2Fsvg%3E\" data-orig-src=\"https:\/\/arkamaluszka.pl\/wp-content\/uploads\/2022\/09\/Swiatowy-dzien-jablka-8-400x400.jpeg\" data-srcset=\"https:\/\/arkamaluszka.pl\/wp-content\/uploads\/2022\/09\/Swiatowy-dzien-jablka-8-66x66.jpeg 66w, https:\/\/arkamaluszka.pl\/wp-content\/uploads\/2022\/09\/Swiatowy-dzien-jablka-8-400x400.jpeg 400w\" data-sizes=\"auto\" \/><\/a>\n\t\t\t<\/dt><\/dl><dl class='gallery-item'>\n\t\t\t<dt class='gallery-icon landscape'>\n\t\t\t\t<a data-rel=\"iLightbox[postimages]\" data-title=\"\u015awiatowy dzie\u0144 jab\u0142ka (9)\" data-caption=\"\" href='https:\/\/arkamaluszka.pl\/wp-content\/uploads\/2022\/09\/Swiatowy-dzien-jablka-9.jpeg'><img decoding=\"async\" width=\"400\" height=\"400\" src=\"https:\/\/arkamaluszka.pl\/wp-content\/uploads\/2022\/09\/Swiatowy-dzien-jablka-9-400x400.jpeg\" class=\"attachment-thumbnail size-thumbnail lazyload\" alt=\"\" srcset=\"data:image\/svg+xml,%3Csvg%20xmlns%3D%27http%3A%2F%2Fwww.w3.org%2F2000%2Fsvg%27%20width%3D%271920%27%20height%3D%271440%27%20viewBox%3D%270%200%201920%201440%27%3E%3Crect%20width%3D%271920%27%20height%3D%271440%27%20fill-opacity%3D%220%22%2F%3E%3C%2Fsvg%3E\" data-orig-src=\"https:\/\/arkamaluszka.pl\/wp-content\/uploads\/2022\/09\/Swiatowy-dzien-jablka-9-400x400.jpeg\" data-srcset=\"https:\/\/arkamaluszka.pl\/wp-content\/uploads\/2022\/09\/Swiatowy-dzien-jablka-9-66x66.jpeg 66w, https:\/\/arkamaluszka.pl\/wp-content\/uploads\/2022\/09\/Swiatowy-dzien-jablka-9-400x400.jpeg 400w\" data-sizes=\"auto\" \/><\/a>\n\t\t\t<\/dt><\/dl><dl class='gallery-item'>\n\t\t\t<dt class='gallery-icon portrait'>\n\t\t\t\t<a data-rel=\"iLightbox[postimages]\" data-title=\"\u015awiatowy dzie\u0144 jab\u0142ka (10)\" data-caption=\"\" href='https:\/\/arkamaluszka.pl\/wp-content\/uploads\/2022\/09\/Swiatowy-dzien-jablka-10.jpeg'><img decoding=\"async\" width=\"400\" height=\"400\" src=\"https:\/\/arkamaluszka.pl\/wp-content\/uploads\/2022\/09\/Swiatowy-dzien-jablka-10-400x400.jpeg\" class=\"attachment-thumbnail size-thumbnail lazyload\" alt=\"\" srcset=\"data:image\/svg+xml,%3Csvg%20xmlns%3D%27http%3A%2F%2Fwww.w3.org%2F2000%2Fsvg%27%20width%3D%271440%27%20height%3D%271920%27%20viewBox%3D%270%200%201440%201920%27%3E%3Crect%20width%3D%271440%27%20height%3D%271920%27%20fill-opacity%3D%220%22%2F%3E%3C%2Fsvg%3E\" data-orig-src=\"https:\/\/arkamaluszka.pl\/wp-content\/uploads\/2022\/09\/Swiatowy-dzien-jablka-10-400x400.jpeg\" data-srcset=\"https:\/\/arkamaluszka.pl\/wp-content\/uploads\/2022\/09\/Swiatowy-dzien-jablka-10-66x66.jpeg 66w, https:\/\/arkamaluszka.pl\/wp-content\/uploads\/2022\/09\/Swiatowy-dzien-jablka-10-400x400.jpeg 400w\" data-sizes=\"auto\" \/><\/a>\n\t\t\t<\/dt><\/dl><br style=\"clear: both\" \/><dl class='gallery-item'>\n\t\t\t<dt class='gallery-icon portrait'>\n\t\t\t\t<a data-rel=\"iLightbox[postimages]\" data-title=\"\u015awiatowy dzie\u0144 jab\u0142ka (11)\" data-caption=\"\" href='https:\/\/arkamaluszka.pl\/wp-content\/uploads\/2022\/09\/Swiatowy-dzien-jablka-11.jpeg'><img decoding=\"async\" width=\"400\" height=\"400\" src=\"https:\/\/arkamaluszka.pl\/wp-content\/uploads\/2022\/09\/Swiatowy-dzien-jablka-11-400x400.jpeg\" class=\"attachment-thumbnail size-thumbnail lazyload\" alt=\"\" srcset=\"data:image\/svg+xml,%3Csvg%20xmlns%3D%27http%3A%2F%2Fwww.w3.org%2F2000%2Fsvg%27%20width%3D%271440%27%20height%3D%271920%27%20viewBox%3D%270%200%201440%201920%27%3E%3Crect%20width%3D%271440%27%20height%3D%271920%27%20fill-opacity%3D%220%22%2F%3E%3C%2Fsvg%3E\" data-orig-src=\"https:\/\/arkamaluszka.pl\/wp-content\/uploads\/2022\/09\/Swiatowy-dzien-jablka-11-400x400.jpeg\" data-srcset=\"https:\/\/arkamaluszka.pl\/wp-content\/uploads\/2022\/09\/Swiatowy-dzien-jablka-11-66x66.jpeg 66w, https:\/\/arkamaluszka.pl\/wp-content\/uploads\/2022\/09\/Swiatowy-dzien-jablka-11-400x400.jpeg 400w\" data-sizes=\"auto\" \/><\/a>\n\t\t\t<\/dt><\/dl><dl class='gallery-item'>\n\t\t\t<dt class='gallery-icon landscape'>\n\t\t\t\t<a data-rel=\"iLightbox[postimages]\" data-title=\"\u015awiatowy dzie\u0144 jab\u0142ka (12)\" data-caption=\"\" href='https:\/\/arkamaluszka.pl\/wp-content\/uploads\/2022\/09\/Swiatowy-dzien-jablka-12.jpeg'><img decoding=\"async\" width=\"400\" height=\"400\" src=\"https:\/\/arkamaluszka.pl\/wp-content\/uploads\/2022\/09\/Swiatowy-dzien-jablka-12-400x400.jpeg\" class=\"attachment-thumbnail size-thumbnail lazyload\" alt=\"\" srcset=\"data:image\/svg+xml,%3Csvg%20xmlns%3D%27http%3A%2F%2Fwww.w3.org%2F2000%2Fsvg%27%20width%3D%271920%27%20height%3D%271440%27%20viewBox%3D%270%200%201920%201440%27%3E%3Crect%20width%3D%271920%27%20height%3D%271440%27%20fill-opacity%3D%220%22%2F%3E%3C%2Fsvg%3E\" data-orig-src=\"https:\/\/arkamaluszka.pl\/wp-content\/uploads\/2022\/09\/Swiatowy-dzien-jablka-12-400x400.jpeg\" data-srcset=\"https:\/\/arkamaluszka.pl\/wp-content\/uploads\/2022\/09\/Swiatowy-dzien-jablka-12-66x66.jpeg 66w, https:\/\/arkamaluszka.pl\/wp-content\/uploads\/2022\/09\/Swiatowy-dzien-jablka-12-400x400.jpeg 400w\" data-sizes=\"auto\" \/><\/a>\n\t\t\t<\/dt><\/dl><dl class='gallery-item'>\n\t\t\t<dt class='gallery-icon portrait'>\n\t\t\t\t<a data-rel=\"iLightbox[postimages]\" data-title=\"\u015awiatowy dzie\u0144 jab\u0142ka (13)\" data-caption=\"\" href='https:\/\/arkamaluszka.pl\/wp-content\/uploads\/2022\/09\/Swiatowy-dzien-jablka-13.jpeg'><img decoding=\"async\" width=\"400\" height=\"400\" src=\"https:\/\/arkamaluszka.pl\/wp-content\/uploads\/2022\/09\/Swiatowy-dzien-jablka-13-400x400.jpeg\" class=\"attachment-thumbnail size-thumbnail lazyload\" alt=\"\" srcset=\"data:image\/svg+xml,%3Csvg%20xmlns%3D%27http%3A%2F%2Fwww.w3.org%2F2000%2Fsvg%27%20width%3D%271440%27%20height%3D%271920%27%20viewBox%3D%270%200%201440%201920%27%3E%3Crect%20width%3D%271440%27%20height%3D%271920%27%20fill-opacity%3D%220%22%2F%3E%3C%2Fsvg%3E\" data-orig-src=\"https:\/\/arkamaluszka.pl\/wp-content\/uploads\/2022\/09\/Swiatowy-dzien-jablka-13-400x400.jpeg\" data-srcset=\"https:\/\/arkamaluszka.pl\/wp-content\/uploads\/2022\/09\/Swiatowy-dzien-jablka-13-66x66.jpeg 66w, https:\/\/arkamaluszka.pl\/wp-content\/uploads\/2022\/09\/Swiatowy-dzien-jablka-13-400x400.jpeg 400w\" data-sizes=\"auto\" \/><\/a>\n\t\t\t<\/dt><\/dl><br style=\"clear: both\" \/><dl class='gallery-item'>\n\t\t\t<dt class='gallery-icon portrait'>\n\t\t\t\t<a data-rel=\"iLightbox[postimages]\" data-title=\"\u015awiatowy dzie\u0144 jab\u0142ka (14)\" data-caption=\"\" href='https:\/\/arkamaluszka.pl\/wp-content\/uploads\/2022\/09\/Swiatowy-dzien-jablka-14.jpeg'><img decoding=\"async\" width=\"400\" height=\"400\" src=\"https:\/\/arkamaluszka.pl\/wp-content\/uploads\/2022\/09\/Swiatowy-dzien-jablka-14-400x400.jpeg\" class=\"attachment-thumbnail size-thumbnail lazyload\" alt=\"\" srcset=\"data:image\/svg+xml,%3Csvg%20xmlns%3D%27http%3A%2F%2Fwww.w3.org%2F2000%2Fsvg%27%20width%3D%271440%27%20height%3D%271920%27%20viewBox%3D%270%200%201440%201920%27%3E%3Crect%20width%3D%271440%27%20height%3D%271920%27%20fill-opacity%3D%220%22%2F%3E%3C%2Fsvg%3E\" data-orig-src=\"https:\/\/arkamaluszka.pl\/wp-content\/uploads\/2022\/09\/Swiatowy-dzien-jablka-14-400x400.jpeg\" data-srcset=\"https:\/\/arkamaluszka.pl\/wp-content\/uploads\/2022\/09\/Swiatowy-dzien-jablka-14-66x66.jpeg 66w, https:\/\/arkamaluszka.pl\/wp-content\/uploads\/2022\/09\/Swiatowy-dzien-jablka-14-400x400.jpeg 400w\" data-sizes=\"auto\" \/><\/a>\n\t\t\t<\/dt><\/dl><dl class='gallery-item'>\n\t\t\t<dt class='gallery-icon portrait'>\n\t\t\t\t<a data-rel=\"iLightbox[postimages]\" data-title=\"\u015awiatowy dzie\u0144 jab\u0142ka (15)\" data-caption=\"\" href='https:\/\/arkamaluszka.pl\/wp-content\/uploads\/2022\/09\/Swiatowy-dzien-jablka-15.jpeg'><img decoding=\"async\" width=\"400\" height=\"400\" src=\"https:\/\/arkamaluszka.pl\/wp-content\/uploads\/2022\/09\/Swiatowy-dzien-jablka-15-400x400.jpeg\" class=\"attachment-thumbnail size-thumbnail lazyload\" alt=\"\" srcset=\"data:image\/svg+xml,%3Csvg%20xmlns%3D%27http%3A%2F%2Fwww.w3.org%2F2000%2Fsvg%27%20width%3D%271440%27%20height%3D%271920%27%20viewBox%3D%270%200%201440%201920%27%3E%3Crect%20width%3D%271440%27%20height%3D%271920%27%20fill-opacity%3D%220%22%2F%3E%3C%2Fsvg%3E\" data-orig-src=\"https:\/\/arkamaluszka.pl\/wp-content\/uploads\/2022\/09\/Swiatowy-dzien-jablka-15-400x400.jpeg\" data-srcset=\"https:\/\/arkamaluszka.pl\/wp-content\/uploads\/2022\/09\/Swiatowy-dzien-jablka-15-66x66.jpeg 66w, https:\/\/arkamaluszka.pl\/wp-content\/uploads\/2022\/09\/Swiatowy-dzien-jablka-15-400x400.jpeg 400w\" data-sizes=\"auto\" \/><\/a>\n\t\t\t<\/dt><\/dl><dl class='gallery-item'>\n\t\t\t<dt class='gallery-icon portrait'>\n\t\t\t\t<a data-rel=\"iLightbox[postimages]\" data-title=\"\u015awiatowy dzie\u0144 jab\u0142ka (16)\" data-caption=\"\" href='https:\/\/arkamaluszka.pl\/wp-content\/uploads\/2022\/09\/Swiatowy-dzien-jablka-16.jpeg'><img decoding=\"async\" width=\"400\" height=\"400\" src=\"https:\/\/arkamaluszka.pl\/wp-content\/uploads\/2022\/09\/Swiatowy-dzien-jablka-16-400x400.jpeg\" class=\"attachment-thumbnail size-thumbnail lazyload\" alt=\"\" srcset=\"data:image\/svg+xml,%3Csvg%20xmlns%3D%27http%3A%2F%2Fwww.w3.org%2F2000%2Fsvg%27%20width%3D%271440%27%20height%3D%271920%27%20viewBox%3D%270%200%201440%201920%27%3E%3Crect%20width%3D%271440%27%20height%3D%271920%27%20fill-opacity%3D%220%22%2F%3E%3C%2Fsvg%3E\" data-orig-src=\"https:\/\/arkamaluszka.pl\/wp-content\/uploads\/2022\/09\/Swiatowy-dzien-jablka-16-400x400.jpeg\" data-srcset=\"https:\/\/arkamaluszka.pl\/wp-content\/uploads\/2022\/09\/Swiatowy-dzien-jablka-16-66x66.jpeg 66w, https:\/\/arkamaluszka.pl\/wp-content\/uploads\/2022\/09\/Swiatowy-dzien-jablka-16-400x400.jpeg 400w\" data-sizes=\"auto\" \/><\/a>\n\t\t\t<\/dt><\/dl><br style=\"clear: both\" \/><dl class='gallery-item'>\n\t\t\t<dt class='gallery-icon landscape'>\n\t\t\t\t<a data-rel=\"iLightbox[postimages]\" data-title=\"\u015awiatowy dzie\u0144 jab\u0142ka (17)\" data-caption=\"\" href='https:\/\/arkamaluszka.pl\/wp-content\/uploads\/2022\/09\/Swiatowy-dzien-jablka-17.jpeg'><img decoding=\"async\" width=\"400\" height=\"400\" src=\"https:\/\/arkamaluszka.pl\/wp-content\/uploads\/2022\/09\/Swiatowy-dzien-jablka-17-400x400.jpeg\" class=\"attachment-thumbnail size-thumbnail lazyload\" alt=\"\" srcset=\"data:image\/svg+xml,%3Csvg%20xmlns%3D%27http%3A%2F%2Fwww.w3.org%2F2000%2Fsvg%27%20width%3D%271920%27%20height%3D%271440%27%20viewBox%3D%270%200%201920%201440%27%3E%3Crect%20width%3D%271920%27%20height%3D%271440%27%20fill-opacity%3D%220%22%2F%3E%3C%2Fsvg%3E\" data-orig-src=\"https:\/\/arkamaluszka.pl\/wp-content\/uploads\/2022\/09\/Swiatowy-dzien-jablka-17-400x400.jpeg\" data-srcset=\"https:\/\/arkamaluszka.pl\/wp-content\/uploads\/2022\/09\/Swiatowy-dzien-jablka-17-66x66.jpeg 66w, https:\/\/arkamaluszka.pl\/wp-content\/uploads\/2022\/09\/Swiatowy-dzien-jablka-17-400x400.jpeg 400w\" data-sizes=\"auto\" \/><\/a>\n\t\t\t<\/dt><\/dl><dl class='gallery-item'>\n\t\t\t<dt class='gallery-icon portrait'>\n\t\t\t\t<a data-rel=\"iLightbox[postimages]\" data-title=\"\u015awiatowy dzie\u0144 jab\u0142ka (18)\" data-caption=\"\" href='https:\/\/arkamaluszka.pl\/wp-content\/uploads\/2022\/09\/Swiatowy-dzien-jablka-18.jpeg'><img decoding=\"async\" width=\"400\" height=\"400\" src=\"https:\/\/arkamaluszka.pl\/wp-content\/uploads\/2022\/09\/Swiatowy-dzien-jablka-18-400x400.jpeg\" class=\"attachment-thumbnail size-thumbnail lazyload\" alt=\"\" srcset=\"data:image\/svg+xml,%3Csvg%20xmlns%3D%27http%3A%2F%2Fwww.w3.org%2F2000%2Fsvg%27%20width%3D%271440%27%20height%3D%271920%27%20viewBox%3D%270%200%201440%201920%27%3E%3Crect%20width%3D%271440%27%20height%3D%271920%27%20fill-opacity%3D%220%22%2F%3E%3C%2Fsvg%3E\" data-orig-src=\"https:\/\/arkamaluszka.pl\/wp-content\/uploads\/2022\/09\/Swiatowy-dzien-jablka-18-400x400.jpeg\" data-srcset=\"https:\/\/arkamaluszka.pl\/wp-content\/uploads\/2022\/09\/Swiatowy-dzien-jablka-18-66x66.jpeg 66w, https:\/\/arkamaluszka.pl\/wp-content\/uploads\/2022\/09\/Swiatowy-dzien-jablka-18-400x400.jpeg 400w\" data-sizes=\"auto\" \/><\/a>\n\t\t\t<\/dt><\/dl><dl class='gallery-item'>\n\t\t\t<dt class='gallery-icon landscape'>\n\t\t\t\t<a data-rel=\"iLightbox[postimages]\" data-title=\"\u015awiatowy dzie\u0144 jab\u0142ka (19)\" data-caption=\"\" href='https:\/\/arkamaluszka.pl\/wp-content\/uploads\/2022\/09\/Swiatowy-dzien-jablka-19.jpeg'><img decoding=\"async\" width=\"400\" height=\"400\" src=\"https:\/\/arkamaluszka.pl\/wp-content\/uploads\/2022\/09\/Swiatowy-dzien-jablka-19-400x400.jpeg\" class=\"attachment-thumbnail size-thumbnail lazyload\" alt=\"\" srcset=\"data:image\/svg+xml,%3Csvg%20xmlns%3D%27http%3A%2F%2Fwww.w3.org%2F2000%2Fsvg%27%20width%3D%271920%27%20height%3D%271440%27%20viewBox%3D%270%200%201920%201440%27%3E%3Crect%20width%3D%271920%27%20height%3D%271440%27%20fill-opacity%3D%220%22%2F%3E%3C%2Fsvg%3E\" data-orig-src=\"https:\/\/arkamaluszka.pl\/wp-content\/uploads\/2022\/09\/Swiatowy-dzien-jablka-19-400x400.jpeg\" data-srcset=\"https:\/\/arkamaluszka.pl\/wp-content\/uploads\/2022\/09\/Swiatowy-dzien-jablka-19-66x66.jpeg 66w, https:\/\/arkamaluszka.pl\/wp-content\/uploads\/2022\/09\/Swiatowy-dzien-jablka-19-400x400.jpeg 400w\" data-sizes=\"auto\" \/><\/a>\n\t\t\t<\/dt><\/dl><br style=\"clear: both\" \/><dl class='gallery-item'>\n\t\t\t<dt class='gallery-icon portrait'>\n\t\t\t\t<a data-rel=\"iLightbox[postimages]\" data-title=\"\u015awiatowy dzie\u0144 jab\u0142ka (20)\" data-caption=\"\" href='https:\/\/arkamaluszka.pl\/wp-content\/uploads\/2022\/09\/Swiatowy-dzien-jablka-20.jpeg'><img decoding=\"async\" width=\"400\" height=\"400\" src=\"https:\/\/arkamaluszka.pl\/wp-content\/uploads\/2022\/09\/Swiatowy-dzien-jablka-20-400x400.jpeg\" class=\"attachment-thumbnail size-thumbnail lazyload\" alt=\"\" srcset=\"data:image\/svg+xml,%3Csvg%20xmlns%3D%27http%3A%2F%2Fwww.w3.org%2F2000%2Fsvg%27%20width%3D%271440%27%20height%3D%271920%27%20viewBox%3D%270%200%201440%201920%27%3E%3Crect%20width%3D%271440%27%20height%3D%271920%27%20fill-opacity%3D%220%22%2F%3E%3C%2Fsvg%3E\" data-orig-src=\"https:\/\/arkamaluszka.pl\/wp-content\/uploads\/2022\/09\/Swiatowy-dzien-jablka-20-400x400.jpeg\" data-srcset=\"https:\/\/arkamaluszka.pl\/wp-content\/uploads\/2022\/09\/Swiatowy-dzien-jablka-20-66x66.jpeg 66w, https:\/\/arkamaluszka.pl\/wp-content\/uploads\/2022\/09\/Swiatowy-dzien-jablka-20-400x400.jpeg 400w\" data-sizes=\"auto\" \/><\/a>\n\t\t\t<\/dt><\/dl>\n\t\t\t<br style='clear: both' \/>\n\t\t<\/div>\n<\/p>\n","protected":false},"excerpt":{"rendered":"<p>\u015awiatowy Dzie\u0144 Jab\u0142ka >Dnia 28 wrze\u015bnia Nasi Odkrywcy zapoznali si\u0119  [&#8230;]<\/p>\n","protected":false},"author":1,"featured_media":3466,"comment_status":"closed","ping_status":"closed","sticky":false,"template":"","format":"standard","meta":{"footnotes":""},"categories":[20],"tags":[],"class_list":["post-3401","post","type-post","status-publish","format-standard","has-post-thumbnail","hentry","category-aktualnosci"],"_links":{"self":[{"href":"https:\/\/arkamaluszka.pl\/index.php?rest_route=\/wp\/v2\/posts\/3401","targetHints":{"allow":["GET"]}}],"collection":[{"href":"https:\/\/arkamaluszka.pl\/index.php?rest_route=\/wp\/v2\/posts"}],"about":[{"href":"https:\/\/arkamaluszka.pl\/index.php?rest_route=\/wp\/v2\/types\/post"}],"author":[{"embeddable":true,"href":"https:\/\/arkamaluszka.pl\/index.php?rest_route=\/wp\/v2\/users\/1"}],"replies":[{"embeddable":true,"href":"https:\/\/arkamaluszka.pl\/index.php?rest_route=%2Fwp%2Fv2%2Fcomments&post=3401"}],"version-history":[{"count":5,"href":"https:\/\/arkamaluszka.pl\/index.php?rest_route=\/wp\/v2\/posts\/3401\/revisions"}],"predecessor-version":[{"id":3494,"href":"https:\/\/arkamaluszka.pl\/index.php?rest_route=\/wp\/v2\/posts\/3401\/revisions\/3494"}],"wp:featuredmedia":[{"embeddable":true,"href":"https:\/\/arkamaluszka.pl\/index.php?rest_route=\/wp\/v2\/media\/3466"}],"wp:attachment":[{"href":"https:\/\/arkamaluszka.pl\/index.php?rest_route=%2Fwp%2Fv2%2Fmedia&parent=3401"}],"wp:term":[{"taxonomy":"category","embeddable":true,"href":"https:\/\/arkamaluszka.pl\/index.php?rest_route=%2Fwp%2Fv2%2Fcategories&post=3401"},{"taxonomy":"post_tag","embeddable":true,"href":"https:\/\/arkamaluszka.pl\/index.php?rest_route=%2Fwp%2Fv2%2Ftags&post=3401"}],"curies":[{"name":"wp","href":"https:\/\/api.w.org\/{rel}","templated":true}]}}