{"id":9908,"date":"2025-04-15T10:56:14","date_gmt":"2025-04-15T08:56:14","guid":{"rendered":"https:\/\/arkamaluszka.pl\/?p=9908"},"modified":"2025-04-15T11:03:04","modified_gmt":"2025-04-15T09:03:04","slug":"marzec-w-arce-maluszka-%f0%9f%90%a4-%f0%9f%8c%bb-%f0%9f%8c%88","status":"publish","type":"post","link":"https:\/\/arkamaluszka.pl\/?p=9908","title":{"rendered":"Marzec w Arce Maluszka \ud83d\udc24 \ud83c\udf3b \ud83c\udf08"},"content":{"rendered":"<p>Marzec w Arce Maluszka up\u0142yn\u0105\u0142 pod znakiem wiosennych kwiat\u00f3w i kolor\u00f3w. W tym miesi\u0105cu obchodzili\u015bmy kilka wyj\u0105tkowych \u015bwi\u0105t, kt\u00f3re sta\u0142y si\u0119 okazj\u0105 do kreatywnej zabawy, sensorycznych odkry\u0107 i wsp\u00f3lnego celebrowania pi\u0119kna codzienno\u015bci.<\/p>\n<p>17 marca obchodzili\u015bmy \u015awiatowy Dzie\u0144 Motyla. Ksi\u0105\u017cka pt. \u201eBardzo g\u0142odna g\u0105sienica\u201d wprowadzi\u0142a \u017b\u0142obkowicz\u00f3w w \u015bwiat motylk\u00f3w i w prosty spos\u00f3b pokaza\u0142a cykl rozwojowy tego pi\u0119knego stworzenia. \u015awi\u0119to motyli by\u0142o idealn\u0105 okazj\u0105 do \u0107wicze\u0144 logicznych, utrwalania i dopasowywania kolor\u00f3w oraz kszta\u0142t\u00f3w.<\/p>\n<p>21 marca powitali\u015bmy wiosn\u0119. Dzieci rozmawia\u0142y o zmianach w przyrodzie, sadzi\u0142y nowalijki, tworz\u0105c zielony k\u0105cik w sali. Wsp\u00f3lnie udekorowa\u0142y Marzann\u0119, kt\u00f3r\u0105 symbolicznie po\u017cegnali\u015bmy. Nie zabrak\u0142o te\u017c zabawy z sensoryczn\u0105 \u0142\u0105k\u0105, pe\u0142n\u0105 wiosennych zapach\u00f3w, kolor\u00f3w i faktur. Pobudzi\u0142o to wszystkie zmys\u0142y maluch\u00f3w i rozbudzi\u0142o ich dzieci\u0119c\u0105 ciekawo\u015b\u0107!<\/p>\n<p>Pierwszego Dnia Wiosny obchodzili\u015bmy r\u00f3wnie\u017c \u015awiatowy Dzie\u0144 Zespo\u0142u Downa. Z tej okazji, niekt\u00f3rzy z nas za\u0142o\u017cyli kolorowe skarpetki \u201enie do pary\u201d. Tym prostym gestem okazali\u015bmy symboliczne wsparcie i solidarno\u015b\u0107 z osobami niepe\u0142nosprawnymi, pami\u0119taj\u0105c jak wa\u017cne w naszym codziennym \u017cyciu s\u0105 akceptacja i szacunek dla odmienno\u015bci.<\/p>\n<p>31 marca by\u0142 Mi\u0119dzynarodowy Dzie\u0144 Ptak\u00f3w. Nasza sala wype\u0142ni\u0142a si\u0119 w\u00f3wczas radosnym, ptasim \u015bwiergotem, a Maluszki z zapa\u0142em przeszukiwa\u0142y ka\u017cde zakamarki, aby odnale\u017a\u0107 ukrytych przyjaci\u00f3\u0142 z pi\u00f3rami. Punktem kulminacyjnym zaj\u0119\u0107 by\u0142a zabawa kreatywna, kt\u00f3ra polega\u0142a na tworzeniu ptasich gniazd.<\/p>\n<p>Wiosna to zdecydowanie nasza ulubiona pora roku!<\/p>\n<p><a href=\"https:\/\/arkamaluszka.pl\/marzec-w-arce-maluszka-%f0%9f%90%a4-%f0%9f%8c%bb-%f0%9f%8c%88\/b\/\" rel=\"attachment wp-att-9910\"><img decoding=\"async\" class=\"lazyload alignnone  wp-image-9910\" src=\"https:\/\/arkamaluszka.pl\/wp-content\/uploads\/2025\/04\/b-600x600.jpg\" data-orig-src=\"https:\/\/arkamaluszka.pl\/wp-content\/uploads\/2025\/04\/b-600x600.jpg\" alt=\"\" width=\"435\" height=\"435\" srcset=\"data:image\/svg+xml,%3Csvg%20xmlns%3D%27http%3A%2F%2Fwww.w3.org%2F2000%2Fsvg%27%20width%3D%27435%27%20height%3D%27435%27%20viewBox%3D%270%200%20435%20435%27%3E%3Crect%20width%3D%27435%27%20height%3D%27435%27%20fill-opacity%3D%220%22%2F%3E%3C%2Fsvg%3E\" data-srcset=\"https:\/\/arkamaluszka.pl\/wp-content\/uploads\/2025\/04\/b-66x66.jpg 66w, https:\/\/arkamaluszka.pl\/wp-content\/uploads\/2025\/04\/b-200x200.jpg 200w, https:\/\/arkamaluszka.pl\/wp-content\/uploads\/2025\/04\/b-400x400.jpg 400w, https:\/\/arkamaluszka.pl\/wp-content\/uploads\/2025\/04\/b-600x600.jpg 600w, https:\/\/arkamaluszka.pl\/wp-content\/uploads\/2025\/04\/b-768x768.jpg 768w, https:\/\/arkamaluszka.pl\/wp-content\/uploads\/2025\/04\/b-800x800.jpg 800w, https:\/\/arkamaluszka.pl\/wp-content\/uploads\/2025\/04\/b-1024x1024.jpg 1024w, https:\/\/arkamaluszka.pl\/wp-content\/uploads\/2025\/04\/b-1200x1200.jpg 1200w, https:\/\/arkamaluszka.pl\/wp-content\/uploads\/2025\/04\/b.jpg 1440w\" data-sizes=\"auto\" data-orig-sizes=\"(max-width: 435px) 100vw, 435px\" \/><\/a> <a href=\"https:\/\/arkamaluszka.pl\/marzec-w-arce-maluszka-%f0%9f%90%a4-%f0%9f%8c%bb-%f0%9f%8c%88\/a-2\/\" rel=\"attachment wp-att-9918\"><img decoding=\"async\" class=\"lazyload alignnone  wp-image-9918\" src=\"https:\/\/arkamaluszka.pl\/wp-content\/uploads\/2025\/04\/a-1-600x600.jpg\" data-orig-src=\"https:\/\/arkamaluszka.pl\/wp-content\/uploads\/2025\/04\/a-1-600x600.jpg\" alt=\"\" width=\"514\" height=\"514\" srcset=\"data:image\/svg+xml,%3Csvg%20xmlns%3D%27http%3A%2F%2Fwww.w3.org%2F2000%2Fsvg%27%20width%3D%27514%27%20height%3D%27514%27%20viewBox%3D%270%200%20514%20514%27%3E%3Crect%20width%3D%27514%27%20height%3D%27514%27%20fill-opacity%3D%220%22%2F%3E%3C%2Fsvg%3E\" data-srcset=\"https:\/\/arkamaluszka.pl\/wp-content\/uploads\/2025\/04\/a-1-66x66.jpg 66w, https:\/\/arkamaluszka.pl\/wp-content\/uploads\/2025\/04\/a-1-200x200.jpg 200w, https:\/\/arkamaluszka.pl\/wp-content\/uploads\/2025\/04\/a-1-400x400.jpg 400w, https:\/\/arkamaluszka.pl\/wp-content\/uploads\/2025\/04\/a-1-600x600.jpg 600w, https:\/\/arkamaluszka.pl\/wp-content\/uploads\/2025\/04\/a-1-768x768.jpg 768w, https:\/\/arkamaluszka.pl\/wp-content\/uploads\/2025\/04\/a-1-800x800.jpg 800w, https:\/\/arkamaluszka.pl\/wp-content\/uploads\/2025\/04\/a-1-1024x1024.jpg 1024w, https:\/\/arkamaluszka.pl\/wp-content\/uploads\/2025\/04\/a-1-1200x1200.jpg 1200w, https:\/\/arkamaluszka.pl\/wp-content\/uploads\/2025\/04\/a-1.jpg 1440w\" data-sizes=\"auto\" data-orig-sizes=\"(max-width: 514px) 100vw, 514px\" \/><\/a> <a href=\"https:\/\/arkamaluszka.pl\/marzec-w-arce-maluszka-%f0%9f%90%a4-%f0%9f%8c%bb-%f0%9f%8c%88\/b-2\/\" rel=\"attachment wp-att-9919\"><img decoding=\"async\" class=\"lazyload alignnone  wp-image-9919\" src=\"https:\/\/arkamaluszka.pl\/wp-content\/uploads\/2025\/04\/b-1-600x600.jpg\" data-orig-src=\"https:\/\/arkamaluszka.pl\/wp-content\/uploads\/2025\/04\/b-1-600x600.jpg\" alt=\"\" width=\"515\" height=\"515\" srcset=\"data:image\/svg+xml,%3Csvg%20xmlns%3D%27http%3A%2F%2Fwww.w3.org%2F2000%2Fsvg%27%20width%3D%27515%27%20height%3D%27515%27%20viewBox%3D%270%200%20515%20515%27%3E%3Crect%20width%3D%27515%27%20height%3D%27515%27%20fill-opacity%3D%220%22%2F%3E%3C%2Fsvg%3E\" data-srcset=\"https:\/\/arkamaluszka.pl\/wp-content\/uploads\/2025\/04\/b-1-66x66.jpg 66w, https:\/\/arkamaluszka.pl\/wp-content\/uploads\/2025\/04\/b-1-200x200.jpg 200w, https:\/\/arkamaluszka.pl\/wp-content\/uploads\/2025\/04\/b-1-400x400.jpg 400w, https:\/\/arkamaluszka.pl\/wp-content\/uploads\/2025\/04\/b-1-600x600.jpg 600w, https:\/\/arkamaluszka.pl\/wp-content\/uploads\/2025\/04\/b-1-768x768.jpg 768w, https:\/\/arkamaluszka.pl\/wp-content\/uploads\/2025\/04\/b-1-800x800.jpg 800w, https:\/\/arkamaluszka.pl\/wp-content\/uploads\/2025\/04\/b-1-1024x1024.jpg 1024w, https:\/\/arkamaluszka.pl\/wp-content\/uploads\/2025\/04\/b-1-1200x1200.jpg 1200w, https:\/\/arkamaluszka.pl\/wp-content\/uploads\/2025\/04\/b-1.jpg 1440w\" data-sizes=\"auto\" data-orig-sizes=\"(max-width: 515px) 100vw, 515px\" \/><\/a> <a href=\"https:\/\/arkamaluszka.pl\/marzec-w-arce-maluszka-%f0%9f%90%a4-%f0%9f%8c%bb-%f0%9f%8c%88\/c-2\/\" rel=\"attachment wp-att-9920\"><img decoding=\"async\" class=\"lazyload alignnone size-medium wp-image-9920\" src=\"https:\/\/arkamaluszka.pl\/wp-content\/uploads\/2025\/04\/c-1-600x600.jpg\" data-orig-src=\"https:\/\/arkamaluszka.pl\/wp-content\/uploads\/2025\/04\/c-1-600x600.jpg\" alt=\"\" width=\"600\" height=\"600\" srcset=\"data:image\/svg+xml,%3Csvg%20xmlns%3D%27http%3A%2F%2Fwww.w3.org%2F2000%2Fsvg%27%20width%3D%27600%27%20height%3D%27600%27%20viewBox%3D%270%200%20600%20600%27%3E%3Crect%20width%3D%27600%27%20height%3D%27600%27%20fill-opacity%3D%220%22%2F%3E%3C%2Fsvg%3E\" data-srcset=\"https:\/\/arkamaluszka.pl\/wp-content\/uploads\/2025\/04\/c-1-66x66.jpg 66w, https:\/\/arkamaluszka.pl\/wp-content\/uploads\/2025\/04\/c-1-200x200.jpg 200w, https:\/\/arkamaluszka.pl\/wp-content\/uploads\/2025\/04\/c-1-400x400.jpg 400w, https:\/\/arkamaluszka.pl\/wp-content\/uploads\/2025\/04\/c-1-600x600.jpg 600w, https:\/\/arkamaluszka.pl\/wp-content\/uploads\/2025\/04\/c-1-768x768.jpg 768w, https:\/\/arkamaluszka.pl\/wp-content\/uploads\/2025\/04\/c-1-800x800.jpg 800w, https:\/\/arkamaluszka.pl\/wp-content\/uploads\/2025\/04\/c-1-1024x1024.jpg 1024w, https:\/\/arkamaluszka.pl\/wp-content\/uploads\/2025\/04\/c-1-1200x1200.jpg 1200w, https:\/\/arkamaluszka.pl\/wp-content\/uploads\/2025\/04\/c-1.jpg 1440w\" data-sizes=\"auto\" data-orig-sizes=\"(max-width: 600px) 100vw, 600px\" \/><\/a> <a href=\"https:\/\/arkamaluszka.pl\/marzec-w-arce-maluszka-%f0%9f%90%a4-%f0%9f%8c%bb-%f0%9f%8c%88\/d-2\/\" rel=\"attachment wp-att-9921\"><img decoding=\"async\" class=\"lazyload alignnone size-medium wp-image-9921\" src=\"https:\/\/arkamaluszka.pl\/wp-content\/uploads\/2025\/04\/d-1-337x600.jpg\" data-orig-src=\"https:\/\/arkamaluszka.pl\/wp-content\/uploads\/2025\/04\/d-1-337x600.jpg\" alt=\"\" width=\"337\" height=\"600\" srcset=\"data:image\/svg+xml,%3Csvg%20xmlns%3D%27http%3A%2F%2Fwww.w3.org%2F2000%2Fsvg%27%20width%3D%27337%27%20height%3D%27600%27%20viewBox%3D%270%200%20337%20600%27%3E%3Crect%20width%3D%27337%27%20height%3D%27600%27%20fill-opacity%3D%220%22%2F%3E%3C%2Fsvg%3E\" data-srcset=\"https:\/\/arkamaluszka.pl\/wp-content\/uploads\/2025\/04\/d-1-200x356.jpg 200w, https:\/\/arkamaluszka.pl\/wp-content\/uploads\/2025\/04\/d-1-337x600.jpg 337w, https:\/\/arkamaluszka.pl\/wp-content\/uploads\/2025\/04\/d-1-400x711.jpg 400w, https:\/\/arkamaluszka.pl\/wp-content\/uploads\/2025\/04\/d-1-576x1024.jpg 576w, https:\/\/arkamaluszka.pl\/wp-content\/uploads\/2025\/04\/d-1-600x1067.jpg 600w, https:\/\/arkamaluszka.pl\/wp-content\/uploads\/2025\/04\/d-1-768x1366.jpg 768w, https:\/\/arkamaluszka.pl\/wp-content\/uploads\/2025\/04\/d-1-800x1423.jpg 800w, https:\/\/arkamaluszka.pl\/wp-content\/uploads\/2025\/04\/d-1-864x1536.jpg 864w, https:\/\/arkamaluszka.pl\/wp-content\/uploads\/2025\/04\/d-1.jpg 899w\" data-sizes=\"auto\" data-orig-sizes=\"(max-width: 337px) 100vw, 337px\" \/><\/a> <a href=\"https:\/\/arkamaluszka.pl\/marzec-w-arce-maluszka-%f0%9f%90%a4-%f0%9f%8c%bb-%f0%9f%8c%88\/e-2\/\" rel=\"attachment wp-att-9922\"><img decoding=\"async\" class=\"lazyload alignnone size-medium wp-image-9922\" src=\"https:\/\/arkamaluszka.pl\/wp-content\/uploads\/2025\/04\/e-1-375x600.jpg\" data-orig-src=\"https:\/\/arkamaluszka.pl\/wp-content\/uploads\/2025\/04\/e-1-375x600.jpg\" alt=\"\" width=\"375\" height=\"600\" srcset=\"data:image\/svg+xml,%3Csvg%20xmlns%3D%27http%3A%2F%2Fwww.w3.org%2F2000%2Fsvg%27%20width%3D%27375%27%20height%3D%27600%27%20viewBox%3D%270%200%20375%20600%27%3E%3Crect%20width%3D%27375%27%20height%3D%27600%27%20fill-opacity%3D%220%22%2F%3E%3C%2Fsvg%3E\" data-srcset=\"https:\/\/arkamaluszka.pl\/wp-content\/uploads\/2025\/04\/e-1-200x320.jpg 200w, https:\/\/arkamaluszka.pl\/wp-content\/uploads\/2025\/04\/e-1-375x600.jpg 375w, https:\/\/arkamaluszka.pl\/wp-content\/uploads\/2025\/04\/e-1-400x641.jpg 400w, https:\/\/arkamaluszka.pl\/wp-content\/uploads\/2025\/04\/e-1-600x961.jpg 600w, https:\/\/arkamaluszka.pl\/wp-content\/uploads\/2025\/04\/e-1-639x1024.jpg 639w, https:\/\/arkamaluszka.pl\/wp-content\/uploads\/2025\/04\/e-1-768x1230.jpg 768w, https:\/\/arkamaluszka.pl\/wp-content\/uploads\/2025\/04\/e-1-800x1281.jpg 800w, https:\/\/arkamaluszka.pl\/wp-content\/uploads\/2025\/04\/e-1-959x1536.jpg 959w, https:\/\/arkamaluszka.pl\/wp-content\/uploads\/2025\/04\/e-1.jpg 999w\" data-sizes=\"auto\" data-orig-sizes=\"(max-width: 375px) 100vw, 375px\" \/><\/a> <a href=\"https:\/\/arkamaluszka.pl\/marzec-w-arce-maluszka-%f0%9f%90%a4-%f0%9f%8c%bb-%f0%9f%8c%88\/f-2\/\" rel=\"attachment wp-att-9923\"><img decoding=\"async\" class=\"lazyload alignnone size-medium wp-image-9923\" src=\"https:\/\/arkamaluszka.pl\/wp-content\/uploads\/2025\/04\/f-1-337x600.jpg\" data-orig-src=\"https:\/\/arkamaluszka.pl\/wp-content\/uploads\/2025\/04\/f-1-337x600.jpg\" alt=\"\" width=\"337\" height=\"600\" srcset=\"data:image\/svg+xml,%3Csvg%20xmlns%3D%27http%3A%2F%2Fwww.w3.org%2F2000%2Fsvg%27%20width%3D%27337%27%20height%3D%27600%27%20viewBox%3D%270%200%20337%20600%27%3E%3Crect%20width%3D%27337%27%20height%3D%27600%27%20fill-opacity%3D%220%22%2F%3E%3C%2Fsvg%3E\" data-srcset=\"https:\/\/arkamaluszka.pl\/wp-content\/uploads\/2025\/04\/f-1-200x356.jpg 200w, https:\/\/arkamaluszka.pl\/wp-content\/uploads\/2025\/04\/f-1-337x600.jpg 337w, https:\/\/arkamaluszka.pl\/wp-content\/uploads\/2025\/04\/f-1-400x711.jpg 400w, https:\/\/arkamaluszka.pl\/wp-content\/uploads\/2025\/04\/f-1-576x1024.jpg 576w, https:\/\/arkamaluszka.pl\/wp-content\/uploads\/2025\/04\/f-1-600x1067.jpg 600w, https:\/\/arkamaluszka.pl\/wp-content\/uploads\/2025\/04\/f-1-768x1366.jpg 768w, https:\/\/arkamaluszka.pl\/wp-content\/uploads\/2025\/04\/f-1-800x1423.jpg 800w, https:\/\/arkamaluszka.pl\/wp-content\/uploads\/2025\/04\/f-1-864x1536.jpg 864w, https:\/\/arkamaluszka.pl\/wp-content\/uploads\/2025\/04\/f-1.jpg 899w\" data-sizes=\"auto\" data-orig-sizes=\"(max-width: 337px) 100vw, 337px\" \/><\/a> <a href=\"https:\/\/arkamaluszka.pl\/marzec-w-arce-maluszka-%f0%9f%90%a4-%f0%9f%8c%bb-%f0%9f%8c%88\/g-2\/\" rel=\"attachment wp-att-9924\"><img decoding=\"async\" class=\"lazyload alignnone  wp-image-9924\" src=\"https:\/\/arkamaluszka.pl\/wp-content\/uploads\/2025\/04\/g-1-337x600.jpg\" data-orig-src=\"https:\/\/arkamaluszka.pl\/wp-content\/uploads\/2025\/04\/g-1-337x600.jpg\" alt=\"\" width=\"229\" height=\"407\" srcset=\"data:image\/svg+xml,%3Csvg%20xmlns%3D%27http%3A%2F%2Fwww.w3.org%2F2000%2Fsvg%27%20width%3D%27229%27%20height%3D%27407%27%20viewBox%3D%270%200%20229%20407%27%3E%3Crect%20width%3D%27229%27%20height%3D%27407%27%20fill-opacity%3D%220%22%2F%3E%3C%2Fsvg%3E\" data-srcset=\"https:\/\/arkamaluszka.pl\/wp-content\/uploads\/2025\/04\/g-1-200x356.jpg 200w, https:\/\/arkamaluszka.pl\/wp-content\/uploads\/2025\/04\/g-1-337x600.jpg 337w, https:\/\/arkamaluszka.pl\/wp-content\/uploads\/2025\/04\/g-1-400x711.jpg 400w, https:\/\/arkamaluszka.pl\/wp-content\/uploads\/2025\/04\/g-1-576x1024.jpg 576w, https:\/\/arkamaluszka.pl\/wp-content\/uploads\/2025\/04\/g-1-600x1067.jpg 600w, https:\/\/arkamaluszka.pl\/wp-content\/uploads\/2025\/04\/g-1-768x1366.jpg 768w, https:\/\/arkamaluszka.pl\/wp-content\/uploads\/2025\/04\/g-1-800x1423.jpg 800w, https:\/\/arkamaluszka.pl\/wp-content\/uploads\/2025\/04\/g-1-864x1536.jpg 864w, https:\/\/arkamaluszka.pl\/wp-content\/uploads\/2025\/04\/g-1.jpg 899w\" data-sizes=\"auto\" data-orig-sizes=\"(max-width: 229px) 100vw, 229px\" \/><\/a><\/p>\n","protected":false},"excerpt":{"rendered":"<p>Marzec w Arce Maluszka up\u0142yn\u0105\u0142 pod znakiem wiosennych kwiat\u00f3w i  [&#8230;]<\/p>\n","protected":false},"author":3,"featured_media":9919,"comment_status":"closed","ping_status":"closed","sticky":false,"template":"","format":"gallery","meta":{"footnotes":""},"categories":[20],"tags":[],"class_list":["post-9908","post","type-post","status-publish","format-gallery","has-post-thumbnail","hentry","category-aktualnosci","post_format-post-format-gallery"],"_links":{"self":[{"href":"https:\/\/arkamaluszka.pl\/index.php?rest_route=\/wp\/v2\/posts\/9908","targetHints":{"allow":["GET"]}}],"collection":[{"href":"https:\/\/arkamaluszka.pl\/index.php?rest_route=\/wp\/v2\/posts"}],"about":[{"href":"https:\/\/arkamaluszka.pl\/index.php?rest_route=\/wp\/v2\/types\/post"}],"author":[{"embeddable":true,"href":"https:\/\/arkamaluszka.pl\/index.php?rest_route=\/wp\/v2\/users\/3"}],"replies":[{"embeddable":true,"href":"https:\/\/arkamaluszka.pl\/index.php?rest_route=%2Fwp%2Fv2%2Fcomments&post=9908"}],"version-history":[{"count":3,"href":"https:\/\/arkamaluszka.pl\/index.php?rest_route=\/wp\/v2\/posts\/9908\/revisions"}],"predecessor-version":[{"id":9925,"href":"https:\/\/arkamaluszka.pl\/index.php?rest_route=\/wp\/v2\/posts\/9908\/revisions\/9925"}],"wp:featuredmedia":[{"embeddable":true,"href":"https:\/\/arkamaluszka.pl\/index.php?rest_route=\/wp\/v2\/media\/9919"}],"wp:attachment":[{"href":"https:\/\/arkamaluszka.pl\/index.php?rest_route=%2Fwp%2Fv2%2Fmedia&parent=9908"}],"wp:term":[{"taxonomy":"category","embeddable":true,"href":"https:\/\/arkamaluszka.pl\/index.php?rest_route=%2Fwp%2Fv2%2Fcategories&post=9908"},{"taxonomy":"post_tag","embeddable":true,"href":"https:\/\/arkamaluszka.pl\/index.php?rest_route=%2Fwp%2Fv2%2Ftags&post=9908"}],"curies":[{"name":"wp","href":"https:\/\/api.w.org\/{rel}","templated":true}]}}